{"id":2616,"date":"2023-08-28T11:59:11","date_gmt":"2023-08-28T11:59:11","guid":{"rendered":"http:\/\/80plus.es\/?p=2616"},"modified":"2024-02-28T14:41:47","modified_gmt":"2024-02-28T14:41:47","slug":"supporting-a-good-cause-jan-verges-tournament","status":"publish","type":"post","link":"https:\/\/80plus.es\/es\/supporting-a-good-cause-jan-verges-tournament\/","title":{"rendered":"APOYANDO UNA BUENA CAUSA: EL TORNEO JAN VERG\u00c9S"},"content":{"rendered":"<div id='header-image-holder'  class='av-layout-grid-container av-1nj5e-2756eb4803e3776557666a1d21e9af36 entry-content-wrapper main_color av-flex-cells  avia-builder-el-0  el_before_av_two_fifth  avia-builder-el-first  our-coffees-image-holder av-cell-min-height av-cell-min-height-25  container_wrap fullsize'   data-av_minimum_height_pc='25'>\n\n<style type=\"text\/css\" data-created_by=\"avia_inline_auto\" id=\"style-css-av-jmht7pwl-2ebddf08d59bb42843b1e6efb3036e8d\">\n.flex_cell.av-jmht7pwl-2ebddf08d59bb42843b1e6efb3036e8d{\nvertical-align:top;\nbackground:url(https:\/\/80plus.es\/wp-content\/uploads\/2018\/10\/80plus-theways-to-serve-header.jpg) 50% 50% no-repeat scroll ;\n}\n.responsive #top #wrap_all .flex_cell.av-jmht7pwl-2ebddf08d59bb42843b1e6efb3036e8d{\npadding:0px 0px 0px 0px !important;\n}\n<\/style>\n<div class='flex_cell av-jmht7pwl-2ebddf08d59bb42843b1e6efb3036e8d av-gridrow-cell av_one_full no_margin  avia-builder-el-1  avia-builder-el-no-sibling  av-zero-padding avia-full-stretch'  ><div class='flex_cell_inner'><\/div><\/div>\n<\/div><div id='after_grid_row_1'  class='main_color av_default_container_wrap container_wrap fullsize'  ><div class='container av-section-cont-open' ><div class='template-page content  av-content-full alpha units'><div class='post-entry post-entry-type-page post-entry-2616'><div class='entry-content-wrapper clearfix'>\n<div class='flex_column_table av-1vc59-2f44da174a9959b5d14f8c8d3e8dd931 sc-av_two_fifth av-equal-height-column-flextable'>\n<style type=\"text\/css\" data-created_by=\"avia_inline_auto\" id=\"style-css-av-1vc59-2f44da174a9959b5d14f8c8d3e8dd931\">\n.flex_column.av-1vc59-2f44da174a9959b5d14f8c8d3e8dd931{\n-webkit-border-radius:0px 0px 0px 0px;\n-moz-border-radius:0px 0px 0px 0px;\nborder-radius:0px 0px 0px 0px;\npadding:0px 0px 0px 0px;\n}\n<\/style>\n<div  class='flex_column av-1vc59-2f44da174a9959b5d14f8c8d3e8dd931 av_two_fifth  avia-builder-el-2  el_after_av_layout_row  el_before_av_three_fifth  avia-builder-el-first  first flex_column_table_cell av-equal-height-column av-align-top av-zero-column-padding  '     ><section  class='av_textblock_section av-jn8qnf7h-1dcc9203411cdd89c90730b1d247ab17 '   itemscope=\"itemscope\" itemtype=\"https:\/\/schema.org\/BlogPosting\" itemprop=\"blogPost\" ><div class='avia_textblock'  itemprop=\"text\" ><h2>APOYANDO UNA BUENA CAUSA: EL TORNEO JAN VERG\u00c9S<\/h2>\n<p class=\"p1\"><span class=\"s1\">Hace justo una semana est\u00e1bamos junto con Galera Group apoyando el proyecto solidario el Torneo Jan Verg\u00e9s Blanch en la escuela Els Arcs.\u00a0<\/span><\/p>\n<p class=\"p1\"><span class=\"s1\">Jan Verg\u00e9s Blanch naci\u00f3 en 2004 con una cardiopat\u00eda cong\u00e9nita. A pesar de que su vida fue dif\u00edcil y con muchas limitaciones, Jan siempre la vivi\u00f3 con intensidad, alegr\u00eda y, sobre todo, con normalidad.<\/span><\/p>\n<p class=\"p1\"><span class=\"s1\">El 14 de septiembre de 2016, repentinamente, Jan se apag\u00f3 debido a un paro card\u00edaco, dejando un vac\u00edo inmenso a todos los que le quisieron: la familia, los amigos, la escuela, el equipo de f\u00fatbol donde jugaba de portero&#8230;<\/span><\/p>\n<p class=\"p1\"><span class=\"s1\">El Torneo Jan Verg\u00e9s Blanch naci\u00f3 con el objetivo de recordar a Jan y de dedicarle una jornada deportiva, familiar y festiva, as\u00ed como tambi\u00e9n contribuir solidariamente a la recaudaci\u00f3n de dinero que promueve anualmente la Fundaci\u00f3n La Marat\u00f3 de TV3, entidad que recibe \u00edntegramente los beneficios generados por el torneo.<\/span><\/p>\n<p class=\"p1\"><span class=\"s1\">Gracias a Galera Group y La Marat\u00f3 TV3. Estamos agradecidos por la oportunidad de poder ser parte de una iniciativa tan hermosa.<\/span><\/p>\n<\/div><\/section><\/div><div class='av-flex-placeholder'><\/div>\n<style type=\"text\/css\" data-created_by=\"avia_inline_auto\" id=\"style-css-av-1vc59-58b64f26f3fcae3a2e0908420b18e54a\">\n.flex_column.av-1vc59-58b64f26f3fcae3a2e0908420b18e54a{\n-webkit-border-radius:0px 0px 0px 0px;\n-moz-border-radius:0px 0px 0px 0px;\nborder-radius:0px 0px 0px 0px;\npadding:0px 0px 0px 0px;\n}\n<\/style>\n<div  class='flex_column av-1vc59-58b64f26f3fcae3a2e0908420b18e54a av_three_fifth  avia-builder-el-4  el_after_av_two_fifth  avia-builder-el-last  flex_column_table_cell av-equal-height-column av-align-top av-zero-column-padding  '     ><p><section  class='av_textblock_section av-jn8qnf7h-1dcc9203411cdd89c90730b1d247ab17 '   itemscope=\"itemscope\" itemtype=\"https:\/\/schema.org\/BlogPosting\" itemprop=\"blogPost\" ><div class='avia_textblock'  itemprop=\"text\" ><p><img decoding=\"async\" class=\"alignnone size-portfolio wp-image-2603 lazyload\" data-src=\"http:\/\/80plus.es\/wp-content\/uploads\/2019\/12\/image00011-869x497.jpeg\" alt=\"\" width=\"869\" height=\"497\" src=\"data:image\/svg+xml;base64,PHN2ZyB3aWR0aD0iMSIgaGVpZ2h0PSIxIiB4bWxucz0iaHR0cDovL3d3dy53My5vcmcvMjAwMC9zdmciPjwvc3ZnPg==\" style=\"--smush-placeholder-width: 869px; --smush-placeholder-aspect-ratio: 869\/497;\" \/><\/p>\n<\/div><\/section><br \/>\n<section  class='av_textblock_section av-jn8qnf7h-1dcc9203411cdd89c90730b1d247ab17 '   itemscope=\"itemscope\" itemtype=\"https:\/\/schema.org\/BlogPosting\" itemprop=\"blogPost\" ><div class='avia_textblock'  itemprop=\"text\" ><p><img decoding=\"async\" class=\"alignnone size-portfolio wp-image-2609 lazyload\" data-src=\"http:\/\/80plus.es\/wp-content\/uploads\/2019\/12\/image00016-869x497.jpeg\" alt=\"\" width=\"869\" height=\"497\" src=\"data:image\/svg+xml;base64,PHN2ZyB3aWR0aD0iMSIgaGVpZ2h0PSIxIiB4bWxucz0iaHR0cDovL3d3dy53My5vcmcvMjAwMC9zdmciPjwvc3ZnPg==\" style=\"--smush-placeholder-width: 869px; --smush-placeholder-aspect-ratio: 869\/497;\" \/><\/p>\n<\/div><\/section><br \/>\n<section  class='av_textblock_section av-jn8qnf7h-1dcc9203411cdd89c90730b1d247ab17 '   itemscope=\"itemscope\" itemtype=\"https:\/\/schema.org\/BlogPosting\" itemprop=\"blogPost\" ><div class='avia_textblock'  itemprop=\"text\" ><p><img decoding=\"async\" class=\"alignnone size-portfolio wp-image-2607 lazyload\" data-src=\"http:\/\/80plus.es\/wp-content\/uploads\/2019\/12\/image00013-869x497.jpeg\" alt=\"\" width=\"869\" height=\"497\" src=\"data:image\/svg+xml;base64,PHN2ZyB3aWR0aD0iMSIgaGVpZ2h0PSIxIiB4bWxucz0iaHR0cDovL3d3dy53My5vcmcvMjAwMC9zdmciPjwvc3ZnPg==\" style=\"--smush-placeholder-width: 869px; --smush-placeholder-aspect-ratio: 869\/497;\" \/><\/p>\n<\/div><\/section><br \/>\n<section  class='av_textblock_section av-jn8qnf7h-1dcc9203411cdd89c90730b1d247ab17 '   itemscope=\"itemscope\" itemtype=\"https:\/\/schema.org\/BlogPosting\" itemprop=\"blogPost\" ><div class='avia_textblock'  itemprop=\"text\" ><p><img decoding=\"async\" class=\"alignnone wp-image-2611 lazyload\" data-src=\"http:\/\/80plus.es\/wp-content\/uploads\/2019\/12\/image00017-869x497.jpeg\" alt=\"\" width=\"540\" height=\"306\" src=\"data:image\/svg+xml;base64,PHN2ZyB3aWR0aD0iMSIgaGVpZ2h0PSIxIiB4bWxucz0iaHR0cDovL3d3dy53My5vcmcvMjAwMC9zdmciPjwvc3ZnPg==\" style=\"--smush-placeholder-width: 540px; --smush-placeholder-aspect-ratio: 540\/306;\" \/><\/p>\n<\/div><\/section><\/p><\/div><\/div><!--close column table wrapper. Autoclose: 1 --><\/p>\n","protected":false},"excerpt":{"rendered":"<p>Hace justo una semana est\u00e1bamos junto con Galera Group apoyando el proyecto solidario el Torneo Jan Verg\u00e9s Blanch en la escuela Els Arcs. <\/p>\n<p>Jan Verg\u00e9s Blanch naci\u00f3 en 2004 con una cardiopat\u00eda cong\u00e9nita. A pesar de que su vida fue dif\u00edcil y con muchas limitaciones, Jan siempre la vivi\u00f3 con intensidad, alegr\u00eda y, sobre todo, con normalidad.<\/p>\n<p>El 14 de septiembre de 2016, repentinamente, Jan se apag\u00f3 debido a un paro card\u00edaco, dejando un vac\u00edo inmenso a todos los que le quisieron: la familia, los amigos, la escuela, el equipo de f\u00fatbol donde jugaba de portero&#8230;<\/p>\n","protected":false},"author":2,"featured_media":2614,"comment_status":"closed","ping_status":"closed","sticky":false,"template":"","format":"standard","meta":{"_acf_changed":false,"footnotes":""},"categories":[37],"tags":[],"class_list":["post-2616","post","type-post","status-publish","format-standard","has-post-thumbnail","hentry","category-noticias"],"acf":[],"yoast_head":"<!-- This site is optimized with the Yoast SEO plugin v27.4 - https:\/\/yoast.com\/product\/yoast-seo-wordpress\/ -->\n<title>APOYANDO UNA BUENA CAUSA: EL TORNEO JAN VERG\u00c9S - 80plus<\/title>\n<meta name=\"robots\" content=\"index, follow, max-snippet:-1, max-image-preview:large, max-video-preview:-1\" \/>\n<link rel=\"canonical\" href=\"https:\/\/80plus.es\/es\/supporting-a-good-cause-jan-verges-tournament\/\" \/>\n<meta property=\"og:locale\" content=\"es_ES\" \/>\n<meta property=\"og:type\" content=\"article\" \/>\n<meta property=\"og:title\" content=\"APOYANDO UNA BUENA CAUSA: EL TORNEO JAN VERG\u00c9S - 80plus\" \/>\n<meta property=\"og:description\" content=\"Hace justo una semana est\u00e1bamos junto con Galera Group apoyando el proyecto solidario el Torneo Jan Verg\u00e9s Blanch en la escuela Els Arcs.   Jan Verg\u00e9s Blanch naci\u00f3 en 2004 con una cardiopat\u00eda cong\u00e9nita. A pesar de que su vida fue dif\u00edcil y con muchas limitaciones, Jan siempre la vivi\u00f3 con intensidad, alegr\u00eda y, sobre todo, con normalidad.  El 14 de septiembre de 2016, repentinamente, Jan se apag\u00f3 debido a un paro card\u00edaco, dejando un vac\u00edo inmenso a todos los que le quisieron: la familia, los amigos, la escuela, el equipo de f\u00fatbol donde jugaba de portero...\" \/>\n<meta property=\"og:url\" content=\"https:\/\/80plus.es\/es\/supporting-a-good-cause-jan-verges-tournament\/\" \/>\n<meta property=\"og:site_name\" content=\"80plus\" \/>\n<meta property=\"article:publisher\" content=\"https:\/\/www.facebook.com\/80plusspecialtycoffee\" \/>\n<meta property=\"article:published_time\" content=\"2023-08-28T11:59:11+00:00\" \/>\n<meta property=\"article:modified_time\" content=\"2024-02-28T14:41:47+00:00\" \/>\n<meta property=\"og:image\" content=\"https:\/\/80plus.es\/wp-content\/uploads\/2019\/12\/image00021.jpeg\" \/>\n\t<meta property=\"og:image:width\" content=\"1800\" \/>\n\t<meta property=\"og:image:height\" content=\"1200\" \/>\n\t<meta property=\"og:image:type\" content=\"image\/jpeg\" \/>\n<meta name=\"author\" content=\"slow\" \/>\n<meta name=\"twitter:card\" content=\"summary_large_image\" \/>\n<meta name=\"twitter:label1\" content=\"Escrito por\" \/>\n\t<meta name=\"twitter:data1\" content=\"slow\" \/>\n\t<meta name=\"twitter:label2\" content=\"Tiempo de lectura\" \/>\n\t<meta name=\"twitter:data2\" content=\"3 minutos\" \/>\n<script type=\"application\/ld+json\" class=\"yoast-schema-graph\">{\"@context\":\"https:\\\/\\\/schema.org\",\"@graph\":[{\"@type\":\"Article\",\"@id\":\"https:\\\/\\\/80plus.es\\\/es\\\/supporting-a-good-cause-jan-verges-tournament\\\/#article\",\"isPartOf\":{\"@id\":\"https:\\\/\\\/80plus.es\\\/es\\\/supporting-a-good-cause-jan-verges-tournament\\\/\"},\"author\":{\"name\":\"slow\",\"@id\":\"https:\\\/\\\/80plus.es\\\/#\\\/schema\\\/person\\\/89e77e4e456a71610669e7db05f04c2c\"},\"headline\":\"APOYANDO UNA BUENA CAUSA: EL TORNEO JAN VERG\u00c9S\",\"datePublished\":\"2023-08-28T11:59:11+00:00\",\"dateModified\":\"2024-02-28T14:41:47+00:00\",\"mainEntityOfPage\":{\"@id\":\"https:\\\/\\\/80plus.es\\\/es\\\/supporting-a-good-cause-jan-verges-tournament\\\/\"},\"wordCount\":646,\"publisher\":{\"@id\":\"https:\\\/\\\/80plus.es\\\/#organization\"},\"image\":{\"@id\":\"https:\\\/\\\/80plus.es\\\/es\\\/supporting-a-good-cause-jan-verges-tournament\\\/#primaryimage\"},\"thumbnailUrl\":\"https:\\\/\\\/80plus.es\\\/wp-content\\\/uploads\\\/2019\\\/12\\\/image00021.jpeg\",\"articleSection\":[\"Noticias\"],\"inLanguage\":\"es\"},{\"@type\":\"WebPage\",\"@id\":\"https:\\\/\\\/80plus.es\\\/es\\\/supporting-a-good-cause-jan-verges-tournament\\\/\",\"url\":\"https:\\\/\\\/80plus.es\\\/es\\\/supporting-a-good-cause-jan-verges-tournament\\\/\",\"name\":\"APOYANDO UNA BUENA CAUSA: EL TORNEO JAN VERG\u00c9S - 80plus\",\"isPartOf\":{\"@id\":\"https:\\\/\\\/80plus.es\\\/#website\"},\"primaryImageOfPage\":{\"@id\":\"https:\\\/\\\/80plus.es\\\/es\\\/supporting-a-good-cause-jan-verges-tournament\\\/#primaryimage\"},\"image\":{\"@id\":\"https:\\\/\\\/80plus.es\\\/es\\\/supporting-a-good-cause-jan-verges-tournament\\\/#primaryimage\"},\"thumbnailUrl\":\"https:\\\/\\\/80plus.es\\\/wp-content\\\/uploads\\\/2019\\\/12\\\/image00021.jpeg\",\"datePublished\":\"2023-08-28T11:59:11+00:00\",\"dateModified\":\"2024-02-28T14:41:47+00:00\",\"breadcrumb\":{\"@id\":\"https:\\\/\\\/80plus.es\\\/es\\\/supporting-a-good-cause-jan-verges-tournament\\\/#breadcrumb\"},\"inLanguage\":\"es\",\"potentialAction\":[{\"@type\":\"ReadAction\",\"target\":[\"https:\\\/\\\/80plus.es\\\/es\\\/supporting-a-good-cause-jan-verges-tournament\\\/\"]}]},{\"@type\":\"ImageObject\",\"inLanguage\":\"es\",\"@id\":\"https:\\\/\\\/80plus.es\\\/es\\\/supporting-a-good-cause-jan-verges-tournament\\\/#primaryimage\",\"url\":\"https:\\\/\\\/80plus.es\\\/wp-content\\\/uploads\\\/2019\\\/12\\\/image00021.jpeg\",\"contentUrl\":\"https:\\\/\\\/80plus.es\\\/wp-content\\\/uploads\\\/2019\\\/12\\\/image00021.jpeg\",\"width\":1800,\"height\":1200},{\"@type\":\"BreadcrumbList\",\"@id\":\"https:\\\/\\\/80plus.es\\\/es\\\/supporting-a-good-cause-jan-verges-tournament\\\/#breadcrumb\",\"itemListElement\":[{\"@type\":\"ListItem\",\"position\":1,\"name\":\"Home\",\"item\":\"https:\\\/\\\/80plus.es\\\/es\\\/\"},{\"@type\":\"ListItem\",\"position\":2,\"name\":\"APOYANDO UNA BUENA CAUSA: EL TORNEO JAN VERG\u00c9S\"}]},{\"@type\":\"WebSite\",\"@id\":\"https:\\\/\\\/80plus.es\\\/#website\",\"url\":\"https:\\\/\\\/80plus.es\\\/\",\"name\":\"80plus\",\"description\":\"Specialty Coffee\",\"publisher\":{\"@id\":\"https:\\\/\\\/80plus.es\\\/#organization\"},\"potentialAction\":[{\"@type\":\"SearchAction\",\"target\":{\"@type\":\"EntryPoint\",\"urlTemplate\":\"https:\\\/\\\/80plus.es\\\/?s={search_term_string}\"},\"query-input\":{\"@type\":\"PropertyValueSpecification\",\"valueRequired\":true,\"valueName\":\"search_term_string\"}}],\"inLanguage\":\"es\"},{\"@type\":\"Organization\",\"@id\":\"https:\\\/\\\/80plus.es\\\/#organization\",\"name\":\"80plus\",\"url\":\"https:\\\/\\\/80plus.es\\\/\",\"logo\":{\"@type\":\"ImageObject\",\"inLanguage\":\"es\",\"@id\":\"https:\\\/\\\/80plus.es\\\/#\\\/schema\\\/logo\\\/image\\\/\",\"url\":\"http:\\\/\\\/80plus.es\\\/wp-content\\\/uploads\\\/2020\\\/05\\\/Untitled-1-1.png\",\"contentUrl\":\"http:\\\/\\\/80plus.es\\\/wp-content\\\/uploads\\\/2020\\\/05\\\/Untitled-1-1.png\",\"width\":400,\"height\":140,\"caption\":\"80plus\"},\"image\":{\"@id\":\"https:\\\/\\\/80plus.es\\\/#\\\/schema\\\/logo\\\/image\\\/\"},\"sameAs\":[\"https:\\\/\\\/www.facebook.com\\\/80plusspecialtycoffee\",\"https:\\\/\\\/www.instagram.com\\\/80plus.coffee\\\/\",\"https:\\\/\\\/www.linkedin.com\\\/company\\\/80plus-specialty-coffee\"]},{\"@type\":\"Person\",\"@id\":\"https:\\\/\\\/80plus.es\\\/#\\\/schema\\\/person\\\/89e77e4e456a71610669e7db05f04c2c\",\"name\":\"slow\"}]}<\/script>\n<!-- \/ Yoast SEO plugin. -->","yoast_head_json":{"title":"APOYANDO UNA BUENA CAUSA: EL TORNEO JAN VERG\u00c9S - 80plus","robots":{"index":"index","follow":"follow","max-snippet":"max-snippet:-1","max-image-preview":"max-image-preview:large","max-video-preview":"max-video-preview:-1"},"canonical":"https:\/\/80plus.es\/es\/supporting-a-good-cause-jan-verges-tournament\/","og_locale":"es_ES","og_type":"article","og_title":"APOYANDO UNA BUENA CAUSA: EL TORNEO JAN VERG\u00c9S - 80plus","og_description":"Hace justo una semana est\u00e1bamos junto con Galera Group apoyando el proyecto solidario el Torneo Jan Verg\u00e9s Blanch en la escuela Els Arcs.   Jan Verg\u00e9s Blanch naci\u00f3 en 2004 con una cardiopat\u00eda cong\u00e9nita. A pesar de que su vida fue dif\u00edcil y con muchas limitaciones, Jan siempre la vivi\u00f3 con intensidad, alegr\u00eda y, sobre todo, con normalidad.  El 14 de septiembre de 2016, repentinamente, Jan se apag\u00f3 debido a un paro card\u00edaco, dejando un vac\u00edo inmenso a todos los que le quisieron: la familia, los amigos, la escuela, el equipo de f\u00fatbol donde jugaba de portero...","og_url":"https:\/\/80plus.es\/es\/supporting-a-good-cause-jan-verges-tournament\/","og_site_name":"80plus","article_publisher":"https:\/\/www.facebook.com\/80plusspecialtycoffee","article_published_time":"2023-08-28T11:59:11+00:00","article_modified_time":"2024-02-28T14:41:47+00:00","og_image":[{"width":1800,"height":1200,"url":"https:\/\/80plus.es\/wp-content\/uploads\/2019\/12\/image00021.jpeg","type":"image\/jpeg"}],"author":"slow","twitter_card":"summary_large_image","twitter_misc":{"Escrito por":"slow","Tiempo de lectura":"3 minutos"},"schema":{"@context":"https:\/\/schema.org","@graph":[{"@type":"Article","@id":"https:\/\/80plus.es\/es\/supporting-a-good-cause-jan-verges-tournament\/#article","isPartOf":{"@id":"https:\/\/80plus.es\/es\/supporting-a-good-cause-jan-verges-tournament\/"},"author":{"name":"slow","@id":"https:\/\/80plus.es\/#\/schema\/person\/89e77e4e456a71610669e7db05f04c2c"},"headline":"APOYANDO UNA BUENA CAUSA: EL TORNEO JAN VERG\u00c9S","datePublished":"2023-08-28T11:59:11+00:00","dateModified":"2024-02-28T14:41:47+00:00","mainEntityOfPage":{"@id":"https:\/\/80plus.es\/es\/supporting-a-good-cause-jan-verges-tournament\/"},"wordCount":646,"publisher":{"@id":"https:\/\/80plus.es\/#organization"},"image":{"@id":"https:\/\/80plus.es\/es\/supporting-a-good-cause-jan-verges-tournament\/#primaryimage"},"thumbnailUrl":"https:\/\/80plus.es\/wp-content\/uploads\/2019\/12\/image00021.jpeg","articleSection":["Noticias"],"inLanguage":"es"},{"@type":"WebPage","@id":"https:\/\/80plus.es\/es\/supporting-a-good-cause-jan-verges-tournament\/","url":"https:\/\/80plus.es\/es\/supporting-a-good-cause-jan-verges-tournament\/","name":"APOYANDO UNA BUENA CAUSA: EL TORNEO JAN VERG\u00c9S - 80plus","isPartOf":{"@id":"https:\/\/80plus.es\/#website"},"primaryImageOfPage":{"@id":"https:\/\/80plus.es\/es\/supporting-a-good-cause-jan-verges-tournament\/#primaryimage"},"image":{"@id":"https:\/\/80plus.es\/es\/supporting-a-good-cause-jan-verges-tournament\/#primaryimage"},"thumbnailUrl":"https:\/\/80plus.es\/wp-content\/uploads\/2019\/12\/image00021.jpeg","datePublished":"2023-08-28T11:59:11+00:00","dateModified":"2024-02-28T14:41:47+00:00","breadcrumb":{"@id":"https:\/\/80plus.es\/es\/supporting-a-good-cause-jan-verges-tournament\/#breadcrumb"},"inLanguage":"es","potentialAction":[{"@type":"ReadAction","target":["https:\/\/80plus.es\/es\/supporting-a-good-cause-jan-verges-tournament\/"]}]},{"@type":"ImageObject","inLanguage":"es","@id":"https:\/\/80plus.es\/es\/supporting-a-good-cause-jan-verges-tournament\/#primaryimage","url":"https:\/\/80plus.es\/wp-content\/uploads\/2019\/12\/image00021.jpeg","contentUrl":"https:\/\/80plus.es\/wp-content\/uploads\/2019\/12\/image00021.jpeg","width":1800,"height":1200},{"@type":"BreadcrumbList","@id":"https:\/\/80plus.es\/es\/supporting-a-good-cause-jan-verges-tournament\/#breadcrumb","itemListElement":[{"@type":"ListItem","position":1,"name":"Home","item":"https:\/\/80plus.es\/es\/"},{"@type":"ListItem","position":2,"name":"APOYANDO UNA BUENA CAUSA: EL TORNEO JAN VERG\u00c9S"}]},{"@type":"WebSite","@id":"https:\/\/80plus.es\/#website","url":"https:\/\/80plus.es\/","name":"80plus","description":"Specialty Coffee","publisher":{"@id":"https:\/\/80plus.es\/#organization"},"potentialAction":[{"@type":"SearchAction","target":{"@type":"EntryPoint","urlTemplate":"https:\/\/80plus.es\/?s={search_term_string}"},"query-input":{"@type":"PropertyValueSpecification","valueRequired":true,"valueName":"search_term_string"}}],"inLanguage":"es"},{"@type":"Organization","@id":"https:\/\/80plus.es\/#organization","name":"80plus","url":"https:\/\/80plus.es\/","logo":{"@type":"ImageObject","inLanguage":"es","@id":"https:\/\/80plus.es\/#\/schema\/logo\/image\/","url":"http:\/\/80plus.es\/wp-content\/uploads\/2020\/05\/Untitled-1-1.png","contentUrl":"http:\/\/80plus.es\/wp-content\/uploads\/2020\/05\/Untitled-1-1.png","width":400,"height":140,"caption":"80plus"},"image":{"@id":"https:\/\/80plus.es\/#\/schema\/logo\/image\/"},"sameAs":["https:\/\/www.facebook.com\/80plusspecialtycoffee","https:\/\/www.instagram.com\/80plus.coffee\/","https:\/\/www.linkedin.com\/company\/80plus-specialty-coffee"]},{"@type":"Person","@id":"https:\/\/80plus.es\/#\/schema\/person\/89e77e4e456a71610669e7db05f04c2c","name":"slow"}]}},"_links":{"self":[{"href":"https:\/\/80plus.es\/es\/wp-json\/wp\/v2\/posts\/2616","targetHints":{"allow":["GET"]}}],"collection":[{"href":"https:\/\/80plus.es\/es\/wp-json\/wp\/v2\/posts"}],"about":[{"href":"https:\/\/80plus.es\/es\/wp-json\/wp\/v2\/types\/post"}],"author":[{"embeddable":true,"href":"https:\/\/80plus.es\/es\/wp-json\/wp\/v2\/users\/2"}],"replies":[{"embeddable":true,"href":"https:\/\/80plus.es\/es\/wp-json\/wp\/v2\/comments?post=2616"}],"version-history":[{"count":0,"href":"https:\/\/80plus.es\/es\/wp-json\/wp\/v2\/posts\/2616\/revisions"}],"wp:featuredmedia":[{"embeddable":true,"href":"https:\/\/80plus.es\/es\/wp-json\/wp\/v2\/media\/2614"}],"wp:attachment":[{"href":"https:\/\/80plus.es\/es\/wp-json\/wp\/v2\/media?parent=2616"}],"wp:term":[{"taxonomy":"category","embeddable":true,"href":"https:\/\/80plus.es\/es\/wp-json\/wp\/v2\/categories?post=2616"},{"taxonomy":"post_tag","embeddable":true,"href":"https:\/\/80plus.es\/es\/wp-json\/wp\/v2\/tags?post=2616"}],"curies":[{"name":"wp","href":"https:\/\/api.w.org\/{rel}","templated":true}]}}