{"id":2956,"date":"2023-08-28T11:59:08","date_gmt":"2023-08-28T11:59:08","guid":{"rendered":"http:\/\/80plus.es\/?p=2956"},"modified":"2024-02-28T14:41:50","modified_gmt":"2024-02-28T14:41:50","slug":"laplataynazareth","status":"publish","type":"post","link":"https:\/\/80plus.es\/es\/laplataynazareth\/","title":{"rendered":"LA PLATA Y NAZARETH"},"content":{"rendered":"<div id='header-image-holder'  class='av-layout-grid-container av-1nj5e-2756eb4803e3776557666a1d21e9af36 entry-content-wrapper main_color av-flex-cells  avia-builder-el-0  el_before_av_two_fifth  avia-builder-el-first  our-coffees-image-holder av-cell-min-height av-cell-min-height-25  container_wrap fullsize'   data-av_minimum_height_pc='25'>\n\n<style type=\"text\/css\" data-created_by=\"avia_inline_auto\" id=\"style-css-av-jmht7pwl-2ebddf08d59bb42843b1e6efb3036e8d\">\n.flex_cell.av-jmht7pwl-2ebddf08d59bb42843b1e6efb3036e8d{\nvertical-align:top;\nbackground:url(https:\/\/80plus.es\/wp-content\/uploads\/2018\/10\/80plus-theways-to-serve-header.jpg) 50% 50% no-repeat scroll ;\n}\n.responsive #top #wrap_all .flex_cell.av-jmht7pwl-2ebddf08d59bb42843b1e6efb3036e8d{\npadding:0px 0px 0px 0px !important;\n}\n<\/style>\n<div class='flex_cell av-jmht7pwl-2ebddf08d59bb42843b1e6efb3036e8d av-gridrow-cell av_one_full no_margin  avia-builder-el-1  avia-builder-el-no-sibling  av-zero-padding avia-full-stretch'  ><div class='flex_cell_inner'><\/div><\/div>\n<\/div><div id='after_grid_row_1'  class='main_color av_default_container_wrap container_wrap fullsize'  ><div class='container av-section-cont-open' ><div class='template-page content  av-content-full alpha units'><div class='post-entry post-entry-type-page post-entry-2956'><div class='entry-content-wrapper clearfix'>\n<div class='flex_column_table av-1vc59-2f44da174a9959b5d14f8c8d3e8dd931 sc-av_two_fifth av-equal-height-column-flextable'>\n<style type=\"text\/css\" data-created_by=\"avia_inline_auto\" id=\"style-css-av-1vc59-2f44da174a9959b5d14f8c8d3e8dd931\">\n.flex_column.av-1vc59-2f44da174a9959b5d14f8c8d3e8dd931{\n-webkit-border-radius:0px 0px 0px 0px;\n-moz-border-radius:0px 0px 0px 0px;\nborder-radius:0px 0px 0px 0px;\npadding:0px 0px 0px 0px;\n}\n<\/style>\n<div  class='flex_column av-1vc59-2f44da174a9959b5d14f8c8d3e8dd931 av_two_fifth  avia-builder-el-2  el_after_av_layout_row  el_before_av_three_fifth  avia-builder-el-first  first flex_column_table_cell av-equal-height-column av-align-top av-zero-column-padding  '     ><section  class='av_textblock_section av-jn8qnf7h-1dcc9203411cdd89c90730b1d247ab17 '   itemscope=\"itemscope\" itemtype=\"https:\/\/schema.org\/BlogPosting\" itemprop=\"blogPost\" ><div class='avia_textblock'  itemprop=\"text\" ><h2>LA PLATA Y NAZARETH<\/h2>\n<p class=\"p1\">\u00a1Hola a todos!<\/p>\n<p class=\"p1\">\u00a1Volvemos una vez m\u00e1s con nuevos caf\u00e9s! Estaremos tristes por decir adi\u00f3s a nuestro Gran Galope y Bossa Nova, ambos caf\u00e9s fant\u00e1sticos, \u00a1pero damos la bienvenida a la Nazareth\u2019s Formula II y La Plata!<\/p>\n<p class=\"p1\">Para aquellos que nos conocen desde hace alg\u00fan tiempo, todos estar\u00e1n familiarizados con Nazareth Pereira y su fant\u00e1stico Bourbon Amarillo de proceso natural de Carmo de Minas. Tomamos este caf\u00e9 hace unos a\u00f1os, y nos encant\u00f3 tanto que quisimos incluirlo en nuestro men\u00fa una vez m\u00e1s esta temporada. Chocolate con leche, almendras, dulce y redondo, realmente es un caf\u00e9 perfecto para espresso. Este es uno de nuestros caf\u00e9s de Productoras Mujeres; Nazareth Pereira ha estado manejando las plantaciones de su familia desde que falleci\u00f3 su esposo y ha estado haciendo un trabajo incre\u00edble, los caf\u00e9s son espectaculares \u00a1Esperamos que lo pod\u00e1is probar y sostengamos a m\u00e1s mujeres productoras!<\/p>\n<p class=\"p1\">La Plata es nuestro nuevo caf\u00e9 colombiano afrutado y c\u00edtrico de Huila, de varios peque\u00f1os agricultores de la zona de La Plata. Nos lo descubrieron Osito coffee, personas que trabajan todos los d\u00edas para hacer que el caf\u00e9 sea m\u00e1s sostenible. La mayor\u00eda de los agricultores que trabajan con Osito son org\u00e1nicos o est\u00e1n en camino de convertirse en productores de caf\u00e9 org\u00e1nico. Siempre se aseguran de que sus productores obtengan un valor justo para sus caf\u00e9s. Este es un caf\u00e9 perfecto para un excelente espresso brillante y un caf\u00e9 de filtro con sabores c\u00edtricos y nectarina.<\/p>\n<\/div><\/section><\/div><div class='av-flex-placeholder'><\/div>\n<style type=\"text\/css\" data-created_by=\"avia_inline_auto\" id=\"style-css-av-1vc59-58b64f26f3fcae3a2e0908420b18e54a\">\n.flex_column.av-1vc59-58b64f26f3fcae3a2e0908420b18e54a{\n-webkit-border-radius:0px 0px 0px 0px;\n-moz-border-radius:0px 0px 0px 0px;\nborder-radius:0px 0px 0px 0px;\npadding:0px 0px 0px 0px;\n}\n<\/style>\n<div  class='flex_column av-1vc59-58b64f26f3fcae3a2e0908420b18e54a av_three_fifth  avia-builder-el-4  el_after_av_two_fifth  avia-builder-el-last  flex_column_table_cell av-equal-height-column av-align-top av-zero-column-padding  '     ><p><section  class='av_textblock_section av-jn8qnf7h-1dcc9203411cdd89c90730b1d247ab17 '   itemscope=\"itemscope\" itemtype=\"https:\/\/schema.org\/BlogPosting\" itemprop=\"blogPost\" ><div class='avia_textblock'  itemprop=\"text\" ><p><img decoding=\"async\" class=\"alignnone size-medium wp-image-2927 lazyload\" data-src=\"http:\/\/80plus.es\/wp-content\/uploads\/2018\/09\/LAPLATA-shop-225x300.jpg\" alt=\"\" width=\"225\" height=\"300\" data-srcset=\"https:\/\/80plus.es\/wp-content\/uploads\/2018\/09\/LAPLATA-shop-225x300.jpg 225w, https:\/\/80plus.es\/wp-content\/uploads\/2018\/09\/LAPLATA-shop-773x1030.jpg 773w, https:\/\/80plus.es\/wp-content\/uploads\/2018\/09\/LAPLATA-shop-768x1024.jpg 768w, https:\/\/80plus.es\/wp-content\/uploads\/2018\/09\/LAPLATA-shop-529x705.jpg 529w, https:\/\/80plus.es\/wp-content\/uploads\/2018\/09\/LAPLATA-shop-500x667.jpg 500w, https:\/\/80plus.es\/wp-content\/uploads\/2018\/09\/LAPLATA-shop.jpg 1036w\" data-sizes=\"(max-width: 225px) 100vw, 225px\" src=\"data:image\/svg+xml;base64,PHN2ZyB3aWR0aD0iMSIgaGVpZ2h0PSIxIiB4bWxucz0iaHR0cDovL3d3dy53My5vcmcvMjAwMC9zdmciPjwvc3ZnPg==\" style=\"--smush-placeholder-width: 225px; --smush-placeholder-aspect-ratio: 225\/300;\" \/><\/p>\n<\/div><\/section><br \/>\n<section  class='av_textblock_section av-jn8qnf7h-1dcc9203411cdd89c90730b1d247ab17 '   itemscope=\"itemscope\" itemtype=\"https:\/\/schema.org\/BlogPosting\" itemprop=\"blogPost\" ><div class='avia_textblock'  itemprop=\"text\" ><p><img decoding=\"async\" class=\"alignnone wp-image-2929 lazyload\" data-src=\"http:\/\/80plus.es\/wp-content\/uploads\/2018\/09\/LAPLATA_CAN-850x497.jpg\" alt=\"\" width=\"565\" height=\"350\" src=\"data:image\/svg+xml;base64,PHN2ZyB3aWR0aD0iMSIgaGVpZ2h0PSIxIiB4bWxucz0iaHR0cDovL3d3dy53My5vcmcvMjAwMC9zdmciPjwvc3ZnPg==\" style=\"--smush-placeholder-width: 565px; --smush-placeholder-aspect-ratio: 565\/350;\" \/><\/p>\n<\/div><\/section><\/p><\/div><\/div><!--close column table wrapper. Autoclose: 1 --><\/p>\n","protected":false},"excerpt":{"rendered":"<p>\u00a1Hola a todos!<\/p>\n<p>\u00a1Volvemos una vez m\u00e1s con nuevos caf\u00e9s! Estaremos tristes por decir adi\u00f3s a nuestro Gran Galope y Bossa Nova, ambos caf\u00e9s fant\u00e1sticos, \u00a1pero damos la bienvenida a la Nazareth\u2019s Formula II y La Plata!<\/p>\n<p>Para aquellos que nos conocen desde hace alg\u00fan tiempo, todos estar\u00e1n familiarizados con Nazareth Pereira y su fant\u00e1stico Bourbon Amarillo de proceso natural de Carmo de Minas. Tomamos este caf\u00e9 hace unos a\u00f1os, y nos encant\u00f3 tanto que quisimos incluirlo en nuestro men\u00fa una vez m\u00e1s esta temporada.<\/p>\n","protected":false},"author":2,"featured_media":3377,"comment_status":"closed","ping_status":"closed","sticky":false,"template":"","format":"standard","meta":{"_acf_changed":false,"footnotes":""},"categories":[37],"tags":[],"class_list":["post-2956","post","type-post","status-publish","format-standard","has-post-thumbnail","hentry","category-noticias"],"acf":[],"yoast_head":"<!-- This site is optimized with the Yoast SEO plugin v27.4 - https:\/\/yoast.com\/product\/yoast-seo-wordpress\/ -->\n<title>LA PLATA Y NAZARETH - 80plus<\/title>\n<meta name=\"robots\" content=\"index, follow, max-snippet:-1, max-image-preview:large, max-video-preview:-1\" \/>\n<link rel=\"canonical\" href=\"https:\/\/80plus.es\/laplataandnazareth\/\" \/>\n<meta property=\"og:locale\" content=\"es_ES\" \/>\n<meta property=\"og:type\" content=\"article\" \/>\n<meta property=\"og:title\" content=\"LA PLATA Y NAZARETH - 80plus\" \/>\n<meta property=\"og:description\" content=\"\u00a1Hola a todos!  \u00a1Volvemos una vez m\u00e1s con nuevos caf\u00e9s! Estaremos tristes por decir adi\u00f3s a nuestro Gran Galope y Bossa Nova, ambos caf\u00e9s fant\u00e1sticos, \u00a1pero damos la bienvenida a la Nazareth\u2019s Formula II y La Plata!  Para aquellos que nos conocen desde hace alg\u00fan tiempo, todos estar\u00e1n familiarizados con Nazareth Pereira y su fant\u00e1stico Bourbon Amarillo de proceso natural de Carmo de Minas. Tomamos este caf\u00e9 hace unos a\u00f1os, y nos encant\u00f3 tanto que quisimos incluirlo en nuestro men\u00fa una vez m\u00e1s esta temporada.\" \/>\n<meta property=\"og:url\" content=\"https:\/\/80plus.es\/laplataandnazareth\/\" \/>\n<meta property=\"og:site_name\" content=\"80plus\" \/>\n<meta property=\"article:publisher\" content=\"https:\/\/www.facebook.com\/80plusspecialtycoffee\" \/>\n<meta property=\"article:published_time\" content=\"2023-08-28T11:59:08+00:00\" \/>\n<meta property=\"article:modified_time\" content=\"2024-02-28T14:41:50+00:00\" \/>\n<meta property=\"og:image\" content=\"https:\/\/80plus.es\/wp-content\/uploads\/2020\/03\/ricardo-gomez-angel-T6Wbmgs87D0-unsplash-1-1-scaled.jpg\" \/>\n\t<meta property=\"og:image:width\" content=\"1559\" \/>\n\t<meta property=\"og:image:height\" content=\"2560\" \/>\n\t<meta property=\"og:image:type\" content=\"image\/jpeg\" \/>\n<meta name=\"author\" content=\"slow\" \/>\n<meta name=\"twitter:card\" content=\"summary_large_image\" \/>\n<meta name=\"twitter:label1\" content=\"Escrito por\" \/>\n\t<meta name=\"twitter:data1\" content=\"slow\" \/>\n\t<meta name=\"twitter:label2\" content=\"Tiempo de lectura\" \/>\n\t<meta name=\"twitter:data2\" content=\"3 minutos\" \/>\n<script type=\"application\/ld+json\" class=\"yoast-schema-graph\">{\"@context\":\"https:\\\/\\\/schema.org\",\"@graph\":[{\"@type\":\"Article\",\"@id\":\"https:\\\/\\\/80plus.es\\\/laplataandnazareth\\\/#article\",\"isPartOf\":{\"@id\":\"https:\\\/\\\/80plus.es\\\/laplataandnazareth\\\/\"},\"author\":{\"name\":\"slow\",\"@id\":\"https:\\\/\\\/80plus.es\\\/#\\\/schema\\\/person\\\/89e77e4e456a71610669e7db05f04c2c\"},\"headline\":\"LA PLATA Y NAZARETH\",\"datePublished\":\"2023-08-28T11:59:08+00:00\",\"dateModified\":\"2024-02-28T14:41:50+00:00\",\"mainEntityOfPage\":{\"@id\":\"https:\\\/\\\/80plus.es\\\/laplataandnazareth\\\/\"},\"wordCount\":666,\"publisher\":{\"@id\":\"https:\\\/\\\/80plus.es\\\/#organization\"},\"image\":{\"@id\":\"https:\\\/\\\/80plus.es\\\/laplataandnazareth\\\/#primaryimage\"},\"thumbnailUrl\":\"https:\\\/\\\/80plus.es\\\/wp-content\\\/uploads\\\/2020\\\/03\\\/ricardo-gomez-angel-T6Wbmgs87D0-unsplash-1-1-scaled.jpg\",\"articleSection\":[\"Noticias\"],\"inLanguage\":\"es\"},{\"@type\":\"WebPage\",\"@id\":\"https:\\\/\\\/80plus.es\\\/laplataandnazareth\\\/\",\"url\":\"https:\\\/\\\/80plus.es\\\/laplataandnazareth\\\/\",\"name\":\"LA PLATA Y NAZARETH - 80plus\",\"isPartOf\":{\"@id\":\"https:\\\/\\\/80plus.es\\\/#website\"},\"primaryImageOfPage\":{\"@id\":\"https:\\\/\\\/80plus.es\\\/laplataandnazareth\\\/#primaryimage\"},\"image\":{\"@id\":\"https:\\\/\\\/80plus.es\\\/laplataandnazareth\\\/#primaryimage\"},\"thumbnailUrl\":\"https:\\\/\\\/80plus.es\\\/wp-content\\\/uploads\\\/2020\\\/03\\\/ricardo-gomez-angel-T6Wbmgs87D0-unsplash-1-1-scaled.jpg\",\"datePublished\":\"2023-08-28T11:59:08+00:00\",\"dateModified\":\"2024-02-28T14:41:50+00:00\",\"breadcrumb\":{\"@id\":\"https:\\\/\\\/80plus.es\\\/laplataandnazareth\\\/#breadcrumb\"},\"inLanguage\":\"es\",\"potentialAction\":[{\"@type\":\"ReadAction\",\"target\":[\"https:\\\/\\\/80plus.es\\\/laplataandnazareth\\\/\"]}]},{\"@type\":\"ImageObject\",\"inLanguage\":\"es\",\"@id\":\"https:\\\/\\\/80plus.es\\\/laplataandnazareth\\\/#primaryimage\",\"url\":\"https:\\\/\\\/80plus.es\\\/wp-content\\\/uploads\\\/2020\\\/03\\\/ricardo-gomez-angel-T6Wbmgs87D0-unsplash-1-1-scaled.jpg\",\"contentUrl\":\"https:\\\/\\\/80plus.es\\\/wp-content\\\/uploads\\\/2020\\\/03\\\/ricardo-gomez-angel-T6Wbmgs87D0-unsplash-1-1-scaled.jpg\",\"width\":1559,\"height\":2560},{\"@type\":\"BreadcrumbList\",\"@id\":\"https:\\\/\\\/80plus.es\\\/laplataandnazareth\\\/#breadcrumb\",\"itemListElement\":[{\"@type\":\"ListItem\",\"position\":1,\"name\":\"Home\",\"item\":\"https:\\\/\\\/80plus.es\\\/es\\\/\"},{\"@type\":\"ListItem\",\"position\":2,\"name\":\"LA PLATA Y NAZARETH\"}]},{\"@type\":\"WebSite\",\"@id\":\"https:\\\/\\\/80plus.es\\\/#website\",\"url\":\"https:\\\/\\\/80plus.es\\\/\",\"name\":\"80plus\",\"description\":\"Specialty Coffee\",\"publisher\":{\"@id\":\"https:\\\/\\\/80plus.es\\\/#organization\"},\"potentialAction\":[{\"@type\":\"SearchAction\",\"target\":{\"@type\":\"EntryPoint\",\"urlTemplate\":\"https:\\\/\\\/80plus.es\\\/?s={search_term_string}\"},\"query-input\":{\"@type\":\"PropertyValueSpecification\",\"valueRequired\":true,\"valueName\":\"search_term_string\"}}],\"inLanguage\":\"es\"},{\"@type\":\"Organization\",\"@id\":\"https:\\\/\\\/80plus.es\\\/#organization\",\"name\":\"80plus\",\"url\":\"https:\\\/\\\/80plus.es\\\/\",\"logo\":{\"@type\":\"ImageObject\",\"inLanguage\":\"es\",\"@id\":\"https:\\\/\\\/80plus.es\\\/#\\\/schema\\\/logo\\\/image\\\/\",\"url\":\"http:\\\/\\\/80plus.es\\\/wp-content\\\/uploads\\\/2020\\\/05\\\/Untitled-1-1.png\",\"contentUrl\":\"http:\\\/\\\/80plus.es\\\/wp-content\\\/uploads\\\/2020\\\/05\\\/Untitled-1-1.png\",\"width\":400,\"height\":140,\"caption\":\"80plus\"},\"image\":{\"@id\":\"https:\\\/\\\/80plus.es\\\/#\\\/schema\\\/logo\\\/image\\\/\"},\"sameAs\":[\"https:\\\/\\\/www.facebook.com\\\/80plusspecialtycoffee\",\"https:\\\/\\\/www.instagram.com\\\/80plus.coffee\\\/\",\"https:\\\/\\\/www.linkedin.com\\\/company\\\/80plus-specialty-coffee\"]},{\"@type\":\"Person\",\"@id\":\"https:\\\/\\\/80plus.es\\\/#\\\/schema\\\/person\\\/89e77e4e456a71610669e7db05f04c2c\",\"name\":\"slow\"}]}<\/script>\n<!-- \/ Yoast SEO plugin. -->","yoast_head_json":{"title":"LA PLATA Y NAZARETH - 80plus","robots":{"index":"index","follow":"follow","max-snippet":"max-snippet:-1","max-image-preview":"max-image-preview:large","max-video-preview":"max-video-preview:-1"},"canonical":"https:\/\/80plus.es\/laplataandnazareth\/","og_locale":"es_ES","og_type":"article","og_title":"LA PLATA Y NAZARETH - 80plus","og_description":"\u00a1Hola a todos!  \u00a1Volvemos una vez m\u00e1s con nuevos caf\u00e9s! Estaremos tristes por decir adi\u00f3s a nuestro Gran Galope y Bossa Nova, ambos caf\u00e9s fant\u00e1sticos, \u00a1pero damos la bienvenida a la Nazareth\u2019s Formula II y La Plata!  Para aquellos que nos conocen desde hace alg\u00fan tiempo, todos estar\u00e1n familiarizados con Nazareth Pereira y su fant\u00e1stico Bourbon Amarillo de proceso natural de Carmo de Minas. Tomamos este caf\u00e9 hace unos a\u00f1os, y nos encant\u00f3 tanto que quisimos incluirlo en nuestro men\u00fa una vez m\u00e1s esta temporada.","og_url":"https:\/\/80plus.es\/laplataandnazareth\/","og_site_name":"80plus","article_publisher":"https:\/\/www.facebook.com\/80plusspecialtycoffee","article_published_time":"2023-08-28T11:59:08+00:00","article_modified_time":"2024-02-28T14:41:50+00:00","og_image":[{"width":1559,"height":2560,"url":"https:\/\/80plus.es\/wp-content\/uploads\/2020\/03\/ricardo-gomez-angel-T6Wbmgs87D0-unsplash-1-1-scaled.jpg","type":"image\/jpeg"}],"author":"slow","twitter_card":"summary_large_image","twitter_misc":{"Escrito por":"slow","Tiempo de lectura":"3 minutos"},"schema":{"@context":"https:\/\/schema.org","@graph":[{"@type":"Article","@id":"https:\/\/80plus.es\/laplataandnazareth\/#article","isPartOf":{"@id":"https:\/\/80plus.es\/laplataandnazareth\/"},"author":{"name":"slow","@id":"https:\/\/80plus.es\/#\/schema\/person\/89e77e4e456a71610669e7db05f04c2c"},"headline":"LA PLATA Y NAZARETH","datePublished":"2023-08-28T11:59:08+00:00","dateModified":"2024-02-28T14:41:50+00:00","mainEntityOfPage":{"@id":"https:\/\/80plus.es\/laplataandnazareth\/"},"wordCount":666,"publisher":{"@id":"https:\/\/80plus.es\/#organization"},"image":{"@id":"https:\/\/80plus.es\/laplataandnazareth\/#primaryimage"},"thumbnailUrl":"https:\/\/80plus.es\/wp-content\/uploads\/2020\/03\/ricardo-gomez-angel-T6Wbmgs87D0-unsplash-1-1-scaled.jpg","articleSection":["Noticias"],"inLanguage":"es"},{"@type":"WebPage","@id":"https:\/\/80plus.es\/laplataandnazareth\/","url":"https:\/\/80plus.es\/laplataandnazareth\/","name":"LA PLATA Y NAZARETH - 80plus","isPartOf":{"@id":"https:\/\/80plus.es\/#website"},"primaryImageOfPage":{"@id":"https:\/\/80plus.es\/laplataandnazareth\/#primaryimage"},"image":{"@id":"https:\/\/80plus.es\/laplataandnazareth\/#primaryimage"},"thumbnailUrl":"https:\/\/80plus.es\/wp-content\/uploads\/2020\/03\/ricardo-gomez-angel-T6Wbmgs87D0-unsplash-1-1-scaled.jpg","datePublished":"2023-08-28T11:59:08+00:00","dateModified":"2024-02-28T14:41:50+00:00","breadcrumb":{"@id":"https:\/\/80plus.es\/laplataandnazareth\/#breadcrumb"},"inLanguage":"es","potentialAction":[{"@type":"ReadAction","target":["https:\/\/80plus.es\/laplataandnazareth\/"]}]},{"@type":"ImageObject","inLanguage":"es","@id":"https:\/\/80plus.es\/laplataandnazareth\/#primaryimage","url":"https:\/\/80plus.es\/wp-content\/uploads\/2020\/03\/ricardo-gomez-angel-T6Wbmgs87D0-unsplash-1-1-scaled.jpg","contentUrl":"https:\/\/80plus.es\/wp-content\/uploads\/2020\/03\/ricardo-gomez-angel-T6Wbmgs87D0-unsplash-1-1-scaled.jpg","width":1559,"height":2560},{"@type":"BreadcrumbList","@id":"https:\/\/80plus.es\/laplataandnazareth\/#breadcrumb","itemListElement":[{"@type":"ListItem","position":1,"name":"Home","item":"https:\/\/80plus.es\/es\/"},{"@type":"ListItem","position":2,"name":"LA PLATA Y NAZARETH"}]},{"@type":"WebSite","@id":"https:\/\/80plus.es\/#website","url":"https:\/\/80plus.es\/","name":"80plus","description":"Specialty Coffee","publisher":{"@id":"https:\/\/80plus.es\/#organization"},"potentialAction":[{"@type":"SearchAction","target":{"@type":"EntryPoint","urlTemplate":"https:\/\/80plus.es\/?s={search_term_string}"},"query-input":{"@type":"PropertyValueSpecification","valueRequired":true,"valueName":"search_term_string"}}],"inLanguage":"es"},{"@type":"Organization","@id":"https:\/\/80plus.es\/#organization","name":"80plus","url":"https:\/\/80plus.es\/","logo":{"@type":"ImageObject","inLanguage":"es","@id":"https:\/\/80plus.es\/#\/schema\/logo\/image\/","url":"http:\/\/80plus.es\/wp-content\/uploads\/2020\/05\/Untitled-1-1.png","contentUrl":"http:\/\/80plus.es\/wp-content\/uploads\/2020\/05\/Untitled-1-1.png","width":400,"height":140,"caption":"80plus"},"image":{"@id":"https:\/\/80plus.es\/#\/schema\/logo\/image\/"},"sameAs":["https:\/\/www.facebook.com\/80plusspecialtycoffee","https:\/\/www.instagram.com\/80plus.coffee\/","https:\/\/www.linkedin.com\/company\/80plus-specialty-coffee"]},{"@type":"Person","@id":"https:\/\/80plus.es\/#\/schema\/person\/89e77e4e456a71610669e7db05f04c2c","name":"slow"}]}},"_links":{"self":[{"href":"https:\/\/80plus.es\/es\/wp-json\/wp\/v2\/posts\/2956","targetHints":{"allow":["GET"]}}],"collection":[{"href":"https:\/\/80plus.es\/es\/wp-json\/wp\/v2\/posts"}],"about":[{"href":"https:\/\/80plus.es\/es\/wp-json\/wp\/v2\/types\/post"}],"author":[{"embeddable":true,"href":"https:\/\/80plus.es\/es\/wp-json\/wp\/v2\/users\/2"}],"replies":[{"embeddable":true,"href":"https:\/\/80plus.es\/es\/wp-json\/wp\/v2\/comments?post=2956"}],"version-history":[{"count":0,"href":"https:\/\/80plus.es\/es\/wp-json\/wp\/v2\/posts\/2956\/revisions"}],"wp:featuredmedia":[{"embeddable":true,"href":"https:\/\/80plus.es\/es\/wp-json\/wp\/v2\/media\/3377"}],"wp:attachment":[{"href":"https:\/\/80plus.es\/es\/wp-json\/wp\/v2\/media?parent=2956"}],"wp:term":[{"taxonomy":"category","embeddable":true,"href":"https:\/\/80plus.es\/es\/wp-json\/wp\/v2\/categories?post=2956"},{"taxonomy":"post_tag","embeddable":true,"href":"https:\/\/80plus.es\/es\/wp-json\/wp\/v2\/tags?post=2956"}],"curies":[{"name":"wp","href":"https:\/\/api.w.org\/{rel}","templated":true}]}}